{"id":112,"date":"2025-02-13T15:02:59","date_gmt":"2025-02-13T15:02:59","guid":{"rendered":"https:\/\/blog.wearehally.fr\/?p=112"},"modified":"2026-04-08T15:06:41","modified_gmt":"2026-04-08T15:06:41","slug":"management-inclusif-enjeux-et-meilleures-pratiques","status":"publish","type":"post","link":"https:\/\/blog.wearehally.fr\/index.php\/2025\/02\/13\/management-inclusif-enjeux-et-meilleures-pratiques\/","title":{"rendered":"Management Inclusif : enjeux et meilleures pratiques"},"content":{"rendered":"\n<p id=\"viewer-r0f9j63130\">Croire que le <strong>management inclusif<\/strong> n&#8217;est qu&#8217;un simple concept \u00e0 la mode emp\u00eache de saisir son r\u00f4le essentiel face aux d\u00e9fis d\u2019aujourd\u2019hui.&nbsp;<\/p>\n\n\n\n<p id=\"viewer-w69xm28933\">Dans un contexte o\u00f9 les entreprises sont de plus en plus scrut\u00e9es pour leur impact social, il ne suffit pas de mettre en place des politiques de diversit\u00e9 : il s\u2019agit de cr\u00e9er un environnement o\u00f9 chaque collaborateur\u00b7trice se sent r\u00e9ellement respect\u00e9\u00b7e, valoris\u00e9\u00b7e et en s\u00e9curit\u00e9.&nbsp; Et personne n\u2019a dit que vous aurez besoin de faire ce chemin seul\u00b7e \ud83d\ude0a !<\/p>\n\n\n\n<figure class=\"wp-block-image size-full\"><img loading=\"lazy\" decoding=\"async\" width=\"740\" height=\"529\" src=\"https:\/\/blog.wearehally.fr\/wp-content\/uploads\/2026\/04\/image.png\" alt=\"\" class=\"wp-image-113\" srcset=\"https:\/\/blog.wearehally.fr\/wp-content\/uploads\/2026\/04\/image.png 740w, https:\/\/blog.wearehally.fr\/wp-content\/uploads\/2026\/04\/image-300x214.png 300w\" sizes=\"auto, (max-width: 740px) 100vw, 740px\" \/><\/figure>\n\n\n\n<p id=\"viewer-baheo3743\">Alors que le monde du travail se (re)transforme et que les exigences en mati\u00e8re de responsabilit\u00e9 sociale et les r\u00e9glementations se durcissent, de nombreuses entreprises peinent encore \u00e0 convaincre leurs \u00e9quipes de la sinc\u00e9rit\u00e9 de leurs engagements.&nbsp;<\/p>\n\n\n\n<p id=\"viewer-300ya6287\">Selon la derni\u00e8re enqu\u00eate d\u2019AFL Diversity, 74 % des collaborateur\u00b7trice\u00b7s per\u00e7oivent les initiatives en faveur de la diversit\u00e9 et de l\u2019inclusion avant tout comme \u00ab un axe de communication de leur entreprise \u00bb.&nbsp;<\/p>\n\n\n\n<p id=\"viewer-k46f2534\">Ce d\u00e9calage entre les intentions affich\u00e9es et la r\u00e9alit\u00e9 v\u00e9cue par les collaborateurs est un vrai d\u00e9fi. Mais il est loin d\u2019\u00eatre insurmontable !<\/p>\n\n\n\n<p id=\"viewer-f0uje536\">Pour renouer la confiance, il s\u2019agit d\u2019abord de transformer les engagements en actions tangibles.<\/p>\n\n\n\n<p id=\"viewer-a1xhz32101\">Quand les engagements en diversit\u00e9 et inclusion semblent d\u00e9connect\u00e9s du quotidien des salari\u00e9\u00b7es, la cr\u00e9dibilit\u00e9 de l\u2019entreprise en prend un coup. <a target=\"_blank\" href=\"https:\/\/web.archive.org\/web\/20250617112722\/https:\/\/www.wearehally.fr\/post\/rencontre-comment-nouer-des-partenariats-rse-ambitieux\" rel=\"noreferrer noopener\"><u>Re)d\u00e9couvrez notre participation \u00e0 la #SERI2023<\/u><\/a> pour comprendre comment nouer des partenariats RSE ambitieux et ancrer des actions concr\u00e8tes dans la strat\u00e9gie d\u2019entreprise.<\/p>\n\n\n\n<h2 class=\"wp-block-heading\">Qu&#8217;est-ce que le management inclusif ?<\/h2>\n\n\n\n<p id=\"viewer-ogu9l282\">Le<strong>&nbsp;management inclusif est un style manag\u00e9rial<\/strong>&nbsp;qui vise \u00e0 int\u00e9grer, valoriser et c\u00e9l\u00e9brer les diff\u00e9rences individuelles au sein d\u2019une \u00e9quipe ou d\u2019une organisation.&nbsp;<\/p>\n\n\n\n<p id=\"viewer-kgbid1421\">Contrairement aux m\u00e9thodes traditionnelles, souvent centr\u00e9es sur l&#8217;uniformisation des pratiques et la standardisation des parcours, le <strong>management inclusif <\/strong>vise \u00e0 instaurer un environnement o\u00f9 chaque collaborateur\u00b7trice se sent v\u00e9ritablement respect\u00e9\u00b7e, \u00e9cout\u00e9\u00b7e et engag\u00e9\u00b7e, ind\u00e9pendamment de ses sp\u00e9cificit\u00e9s (genre, origine, \u00e2ge, handicap, orientation sexuelle, etc.).&nbsp;<\/p>\n\n\n\n<p id=\"viewer-syafn1084\">Plut\u00f4t que de se limiter \u00e0 tol\u00e9rer la diversit\u00e9, ce style de management l&#8217;int\u00e8gre pleinement dans les processus de d\u00e9cision, les interactions quotidiennes et la culture d&#8217;entreprise.<\/p>\n\n\n\n<p id=\"viewer-bk1on4694\">Il ne s\u2019agit pas seulement de r\u00e9pondre \u00e0 des obligations, mais de reconna\u00eetre que ces diff\u00e9rences sont de v\u00e9ritables atouts pour l\u2019organisation !<\/p>\n\n\n\n<p id=\"viewer-9lwbz1086\">C\u2019est un cercle vertueux qui, au-del\u00e0 de permettre \u00e0 chacun\u00b7e de s\u2019\u00e9panouir, n\u2019a pas uniquement des effets positifs sur le bien-\u00eatre individuel : il d\u00e9cuple \u00e9galement la force du collectif !<\/p>\n\n\n\n<figure class=\"wp-block-image size-full\"><img loading=\"lazy\" decoding=\"async\" width=\"740\" height=\"529\" src=\"https:\/\/blog.wearehally.fr\/wp-content\/uploads\/2026\/04\/image-1.png\" alt=\"\" class=\"wp-image-114\" srcset=\"https:\/\/blog.wearehally.fr\/wp-content\/uploads\/2026\/04\/image-1.png 740w, https:\/\/blog.wearehally.fr\/wp-content\/uploads\/2026\/04\/image-1-300x214.png 300w\" sizes=\"auto, (max-width: 740px) 100vw, 740px\" \/><\/figure>\n\n\n\n<h2 class=\"wp-block-heading\">Pourquoi adopter un management inclusif ?<\/h2>\n\n\n\n<h3 class=\"wp-block-heading\">Cr\u00e9er un environnement de respect mutuel<\/h3>\n\n\n\n<p id=\"viewer-1ja8n5441\">Le respect <strong>est le socle du management inclusif <\/strong>! Et si vous pensez qu\u2019il se limite \u00e0 des sourires ou des paroles courtoises, vous vous trompez.<\/p>\n\n\n\n<p id=\"viewer-uf0d74880\">Respecter les collaborateur\u00b7trices, <strong>c\u2019est comprendre leurs besoins et surtout les prendre en compte pour cr\u00e9er un environnement de travail sain et motivant.<\/strong><\/p>\n\n\n\n<p id=\"viewer-dn3s12391\">Ce respect s\u2019exprime \u00e0 diff\u00e9rents niveaux : le cadre de travail, les horaires, le respect de la vie priv\u00e9e, la confidentialit\u00e9, ou encore la reconnaissance des sp\u00e9cificit\u00e9s de chacun\u00b7e. Il doit \u00eatre aussi prioritaire que les objectifs de l\u2019entreprise, car en r\u00e9alit\u00e9, les deux sont indissociables.<\/p>\n\n\n\n<p id=\"viewer-w7otr2393\">Une \u00e9tude de Harvard Business Review et Tony Schwartz montre d\u2019ailleurs que les employ\u00e9\u00b7es qui se sentent respect\u00e9\u00b7es par leur employeur sont 56 % plus engag\u00e9\u00b7es et 89 % plus satisfait\u00b7es de leur travail.<\/p>\n\n\n\n<h3 class=\"wp-block-heading\">Assurer l\u2019\u00e9galit\u00e9 des chances<\/h3>\n\n\n\n<p id=\"viewer-l6os42666\">L\u2019\u00e9galit\u00e9 des chances n\u2019est pas juste un beau slogan \u00e0 inscrire sur le papier : c\u2019est un v\u00e9ritable engagement \u00e0 offrir \u00e0 chacun\u00b7e les m\u00eames opportunit\u00e9s, quelle que soit sa situation. Cela signifie des processus clairs et \u00e9quitables pour les promotions, les formations et la participation aux projets.<\/p>\n\n\n\n<p id=\"viewer-2f0om1363\">Mais le chemin est encore long : l\u2019\u00e9cart global des salaires entre hommes et femmes reste de 25 % en faveur des hommes.&nbsp;<\/p>\n\n\n\n<p id=\"viewer-bpjqm2669\">Et pourtant, selon la 12e \u00e9dition du barom\u00e8tre de perception de l\u2019\u00e9galit\u00e9 des chances en entreprise, 89 % des collaborateur\u00b7trice\u00b7s consid\u00e8rent ce sujet comme un enjeu incontournable de la vie professionnelle.&nbsp;<\/p>\n\n\n\n<p id=\"viewer-tsza52672\">Preuve que garantir l\u2019\u00e9galit\u00e9 des chances doit encore s&#8217;imposer dans les pratiques quotidiennes, pour que personne n\u2019ait \u00e0 se demander si sa progression est frein\u00e9e par des pr\u00e9jug\u00e9s ou des biais inconscients.<\/p>\n\n\n\n<figure class=\"wp-block-image size-full\"><img loading=\"lazy\" decoding=\"async\" width=\"740\" height=\"529\" src=\"https:\/\/blog.wearehally.fr\/wp-content\/uploads\/2026\/04\/image-2.png\" alt=\"\" class=\"wp-image-115\" srcset=\"https:\/\/blog.wearehally.fr\/wp-content\/uploads\/2026\/04\/image-2.png 740w, https:\/\/blog.wearehally.fr\/wp-content\/uploads\/2026\/04\/image-2-300x214.png 300w\" sizes=\"auto, (max-width: 740px) 100vw, 740px\" \/><\/figure>\n\n\n\n<h3 class=\"wp-block-heading\">Valoriser les diff\u00e9rences individuelles<\/h3>\n\n\n\n<p id=\"viewer-at1en65357\">Au lieu de voir les diff\u00e9rences comme des obstacles ou des sources de conflits, on les reconna\u00eet comme des atouts pr\u00e9cieux.<\/p>\n\n\n\n<p id=\"viewer-2l4471712\">Chaque collaborateur\u00b7trice apporte une perspective unique qui enrichit l\u2019\u00e9quipe. Int\u00e9grer ces diversit\u00e9s dans les processus de d\u00e9cision et dans la culture d\u2019entreprise, c\u2019est renforcer la cr\u00e9ativit\u00e9, l\u2019innovation et la capacit\u00e9 \u00e0 relever les d\u00e9fis.&nbsp;<\/p>\n\n\n\n<p id=\"viewer-aq6cc2993\">Cela permet \u00e0 chacun\u00b7e de mettre \u00e0 profit ses talents dans un environnement de collaboration et de responsabilisation partag\u00e9e.<\/p>\n\n\n\n<p id=\"viewer-89q0o1540\">Le but ? Cr\u00e9er une dynamique gagnant-gagnant o\u00f9 l\u2019efficacit\u00e9 collective se d\u00e9veloppe naturellement, tout en permettant \u00e0 chaque individu de s\u2019\u00e9panouir et de contribuer pleinement.<\/p>\n\n\n\n<p id=\"viewer-hhwbv50827\">Une politique d\u2019inclusion ne peut fonctionner sans une tol\u00e9rance z\u00e9ro envers les comportements discriminatoires ou irrespectueux. Encore faut-il savoir les rep\u00e9rer et y r\u00e9pondre efficacement. <a target=\"_blank\" href=\"https:\/\/web.archive.org\/web\/20250617112722\/https:\/\/www.wearehally.fr\/post\/retour-sur-notre-rencontre-en-ligne-c-est-du-harc%C3%A8lement\" rel=\"noreferrer noopener\"><u>Visionnez notre webinar pour mieux appr\u00e9hender quels sont les signes du harc\u00e8lement et comment les traiter.<\/u><\/a><\/p>\n\n\n\n<h3 class=\"wp-block-heading\">Accompagner les \u00e9quipes dans les diff\u00e9rents changements<\/h3>\n\n\n\n<p id=\"viewer-cmbnm3166\">Le<strong>&nbsp;management inclusif, c\u2019est savoir s\u2019adapter aux \u00e9volutions de l\u2019entreprise<\/strong>&nbsp;pour que personne ne soit laiss\u00e9 de c\u00f4t\u00e9.<\/p>\n\n\n\n<p id=\"viewer-rd3cl1981\">Un rachat, une r\u00e9organisation, un passage au t\u00e9l\u00e9travail g\u00e9n\u00e9ralis\u00e9 ? Ce sont des moments o\u00f9 il est essentiel de revoir les politiques et d\u2019accompagner les \u00e9quipes, en tenant compte des besoins et des r\u00e9alit\u00e9s de chacun\u00b7e. dans les diff\u00e9rents changements.&nbsp;<\/p>\n\n\n\n<p id=\"viewer-66qcd3170\">Ajuster les pratiques, communiquer de mani\u00e8re transparente et offrir un soutien adapt\u00e9 permet de traverser ces p\u00e9riodes de transition en renfor\u00e7ant la coh\u00e9sion et l\u2019engagement.<\/p>\n\n\n\n<h3 class=\"wp-block-heading\">Am\u00e9lioration de la coh\u00e9sion d&#8217;\u00e9quipe et de la performance :<\/h3>\n\n\n\n<p id=\"viewer-nvdv43368\">On l\u2019a mentionn\u00e9 tout au long de cet article, mais il est temps de le dire clairement : une \u00e9quipe qui se sent respect\u00e9e et valoris\u00e9e, c\u2019est une \u00e9quipe qui travaille mieux.<\/p>\n\n\n\n<p id=\"viewer-7xvxc7745\">En prenant en compte les sp\u00e9cificit\u00e9s de chaque collaborateur\u00b7trice,<strong>&nbsp;le management inclusif permet de cr\u00e9er un environnement propice \u00e0 la collaboration et \u00e0 l\u2019innovation.&nbsp;<\/strong><\/p>\n\n\n\n<figure class=\"wp-block-image size-full\"><img loading=\"lazy\" decoding=\"async\" width=\"740\" height=\"529\" src=\"https:\/\/blog.wearehally.fr\/wp-content\/uploads\/2026\/04\/image-3.png\" alt=\"\" class=\"wp-image-116\" srcset=\"https:\/\/blog.wearehally.fr\/wp-content\/uploads\/2026\/04\/image-3.png 740w, https:\/\/blog.wearehally.fr\/wp-content\/uploads\/2026\/04\/image-3-300x214.png 300w\" sizes=\"auto, (max-width: 740px) 100vw, 740px\" \/><\/figure>\n\n\n\n<p id=\"viewer-jqaub21265\">R\u00e9sultat ? Des solutions cr\u00e9atives qui \u00e9mergent et des objectifs atteints plus rapidement !<\/p>\n\n\n\n<p id=\"viewer-w5u9j7839\">D\u2019ailleurs, plusieurs \u00e9tudes confirment que les \u00e9quipes diversifi\u00e9es sont non seulement plus performantes, mais qu\u2019elles r\u00e9ussissent aussi \u00e0 d\u00e9velopper une meilleure synergie.<\/p>\n\n\n\n<p id=\"viewer-j29e72075\">L&#8217;\u00e9tude Deloitte \u00ab Diversit\u00e9 &amp; Inclusion \u00bb le confirme d\u2019ailleurs : les entreprises inclusives voient leurs collaborateurs\u00b7trices g\u00e9n\u00e9rer jusqu\u2019\u00e0 30 % de chiffre d\u2019affaires suppl\u00e9mentaire par individu et surclassent leurs concurrents en mati\u00e8re de rentabilit\u00e9.<\/p>\n\n\n\n<h3 class=\"wp-block-heading\">R\u00e9duction des risques de conflits et d\u2019incidents de discrimination ou de harc\u00e8lement :<\/h3>\n\n\n\n<p id=\"viewer-wwsiq3684\">Promouvoir une <strong>culture d&#8217;\u00e9galit\u00e9 et de respect gr\u00e2ce au management inclusif<\/strong>, c\u2019est d\u00e9j\u00e0 un bon d\u00e9but pour \u00e9viter les tensions et les incompr\u00e9hensions li\u00e9es aux diff\u00e9rences.&nbsp;<\/p>\n\n\n\n<p id=\"viewer-46ngf3688\">Certes, cela ne r\u00e9sout pas tout d\u2019un coup de baguette magique, mais les collaborateur\u00b7trice\u00b7s qui se sentent \u00e9cout\u00e9\u00b7e\u00b7s et compris\u00b7e\u00b7s sont moins susceptibles de se retrouver dans des conflits internes, des situations de harc\u00e8lement ou face \u00e0 des comportements discriminatoires.&nbsp;<\/p>\n\n\n\n<p id=\"viewer-0t9by3690\">Un<strong>&nbsp;management inclusif pose les bases d&#8217;un environnement o\u00f9 les comportements inappropri\u00e9s sont clairement identifi\u00e9s<\/strong>&nbsp;et les incidents d\u00e9clar\u00e9s.&nbsp;<\/p>\n\n\n\n<p id=\"viewer-77pms3694\">Cela permet \u00e0 chacun\u00b7e de disposer d\u2019un processus clair et d\u2019un espace s\u00e9curis\u00e9 pour signaler un probl\u00e8me sans craindre de repr\u00e9sailles. Des ingr\u00e9dients essentiels pour cr\u00e9er un climat de confiance !<\/p>\n\n\n\n<p id=\"viewer-7ozgn41918\">Besoin de r\u00e9duire les risques de conflits et de discrimination au sein de votre organisation ? Contactez Hally pour <a target=\"_blank\" href=\"https:\/\/web.archive.org\/web\/20250617112722\/https:\/\/www.wearehally.fr\/\" rel=\"noreferrer noopener\"><u>un accompagnement adapt\u00e9 \u00e0 la pr\u00e9vention des comportements inappropri\u00e9s.<\/u><\/a><\/p>\n\n\n\n<h3 class=\"wp-block-heading\">Attraction et r\u00e9tention des talents :\u00a0<\/h3>\n\n\n\n<p>Les nouvelles g\u00e9n\u00e9rations ne se contentent plus d\u2019un bon salaire ou d\u2019un titre prestigieux. Elles cherchent des entreprises qui incarnent des valeurs d\u2019ouverture et d\u2019inclusion. Une organisation qui valorise ces aspects se distingue comme un employeur de choix, capable d\u2019attirer des talents diversifi\u00e9s et engag\u00e9s.\u00a0<br><\/p>\n\n\n\n<figure class=\"wp-block-image size-full\"><img loading=\"lazy\" decoding=\"async\" width=\"740\" height=\"529\" src=\"https:\/\/blog.wearehally.fr\/wp-content\/uploads\/2026\/04\/image-4.png\" alt=\"\" class=\"wp-image-117\" srcset=\"https:\/\/blog.wearehally.fr\/wp-content\/uploads\/2026\/04\/image-4.png 740w, https:\/\/blog.wearehally.fr\/wp-content\/uploads\/2026\/04\/image-4-300x214.png 300w\" sizes=\"auto, (max-width: 740px) 100vw, 740px\" \/><\/figure>\n\n\n\n<p id=\"viewer-f2dkp4537\">Dans un contexte o\u00f9 77 % des employeurs d\u00e9clarent avoir des difficult\u00e9s de recrutement, selon le dernier rapport de l\u2019Organisation internationale du travail, l\u2019inclusion devient un atout strat\u00e9gique.<\/p>\n\n\n\n<p id=\"viewer-cm8sa4660\">Preuve concr\u00e8te de l\u2019efficacit\u00e9 de cette approche : les entreprises qui mettent en place des politiques d\u2019\u00e9galit\u00e9 des chances et favorisent la mixit\u00e9 ont 60 % plus de chances d\u2019augmenter leurs profits et leur productivit\u00e9.<\/p>\n\n\n\n<p id=\"viewer-fdn474783\">De plus, les collaborateur\u00b7trice\u00b7s \u00e9voluant dans un environnement inclusif se sentent plus investi\u00b7e\u00b7s et sont bien moins tent\u00e9\u00b7e\u00b7s de chercher un emploi ailleurs.&nbsp;<\/p>\n\n\n\n<p id=\"viewer-9k17q4785\">En somme, miser sur l\u2019inclusion, c\u2019est non seulement attirer les meilleurs profils, mais aussi (et surtout) les fid\u00e9liser !&nbsp;<\/p>\n\n\n\n<p id=\"viewer-nturf5195\">Parce qu\u2019un collaborateur qui se sent bien, c\u2019est un collaborateur qui reste\u2026 et qui n\u2019a pas besoin d\u2019un discours motivant Linkedin tous les lundis matin pour se lever !<\/p>\n\n\n\n<h3 class=\"wp-block-heading\">Renforcer la vigilance des managers face aux signaux faibles :<br><\/h3>\n\n\n\n<p id=\"viewer-anm965044\">Les <strong>responsables form\u00e9\u00b7es aux principes du management inclusif <\/strong>ne se contentent pas de suivre des consignes : ils et elles sont les garant\u00b7es d\u2019environnements de travail sains et respectueux ! Leur mission va bien au-del\u00e0 de la simple coordination des \u00e9quipes, puisqu\u2019ils\u00b7elles agissent comme des veilleur\u00b7euses attentif\u00b7ves du climat professionnel.&nbsp;<\/p>\n\n\n\n<p id=\"viewer-x0x8f5046\">Ce r\u00f4le peut v\u00e9ritablement changer la donne, notamment pour identifier les signaux faibles qui restent souvent invisibles, tels que les comportements d\u2019exclusion ou les micro-agressions.&nbsp;<\/p>\n\n\n\n<p id=\"viewer-cjm6s5048\">En intervenant de mani\u00e8re proactive, ils\u00b7elles apaisent les tensions avant qu\u2019elles ne s\u2019aggravent, assurant ainsi des milieux de travail inclusifs et s\u00e9curis\u00e9s pour tou\u00b7tes. C\u2019est en d\u00e9veloppant cette vigilance que l\u2019on pr\u00e9vient les situations nuisibles et que l\u2019on construit des espaces o\u00f9 chacun\u00b7e peut se d\u00e9velopper pleinement.<\/p>\n\n\n\n<h2 class=\"wp-block-heading\">Comment mettre en place un management inclusif en interne :<\/h2>\n\n\n\n<h3 class=\"wp-block-heading\">1.Sensibiliser et former les \u00e9quipes<\/h3>\n\n\n\n<p id=\"viewer-qefzw5599\">La sensibilisation est la premi\u00e8re \u00e9tape pour ancrer l\u2019inclusion dans la culture d\u2019entreprise. Former l\u2019ensemble des collaborateur\u00b7trice\u00b7s, en particulier les r\u00e9f\u00e9rent\u00b7es et responsables, aux enjeux de la diversit\u00e9 et de l\u2019inclusion, en allant bien au-del\u00e0 des simples sessions d\u2019information.&nbsp;<\/p>\n\n\n\n<p id=\"viewer-4t5ky5601\">L\u2019objectif est de transformer durablement les comportements. Il est possible de faire appel \u00e0 des professionnelles comme Hally, qui accompagnent les structures dans la mise en place de formations certifi\u00e9es adapt\u00e9es, couvrant des th\u00e9matiques telles que la pr\u00e9vention des violences sexistes et sexuelles (VSS), du harc\u00e8lement et des discriminations.<\/p>\n\n\n\n<p id=\"viewer-jkogd5603\">Hally propose \u00e9galement des ateliers interactifs avec des mises en situation et des \u00e9tudes de cas concrets, permettant d\u2019aborder de mani\u00e8re pragmatique les d\u00e9fis li\u00e9s \u00e0 l\u2019inclusion et de renforcer l\u2019engagement de chaque membre de l\u2019\u00e9quipe. <a target=\"_blank\" href=\"https:\/\/web.archive.org\/web\/20250617112722\/https:\/\/www.wearehally.fr\/nos-prestations-hally\" rel=\"noreferrer noopener\"><u>D\u00e9couvrez-les ici !<\/u><\/a><\/p>\n\n\n\n<h3 class=\"wp-block-heading\">2.Cr\u00e9er des proc\u00e9dures internes claires<\/h3>\n\n\n\n<figure class=\"wp-block-image size-full\"><img loading=\"lazy\" decoding=\"async\" width=\"740\" height=\"529\" src=\"https:\/\/blog.wearehally.fr\/wp-content\/uploads\/2026\/04\/image-5.png\" alt=\"\" class=\"wp-image-118\" srcset=\"https:\/\/blog.wearehally.fr\/wp-content\/uploads\/2026\/04\/image-5.png 740w, https:\/\/blog.wearehally.fr\/wp-content\/uploads\/2026\/04\/image-5-300x214.png 300w\" sizes=\"auto, (max-width: 740px) 100vw, 740px\" \/><\/figure>\n\n\n\n<p id=\"viewer-m36876185\">Un <strong>management inclusif repose sur des r\u00e8gles de fonctionnement transparentes<\/strong>&nbsp;et \u00e9quitables. Ces proc\u00e9dures doivent garantir que chaque personne dispose des m\u00eames droits et opportunit\u00e9s, et que les comportements inappropri\u00e9s sont trait\u00e9s de mani\u00e8re rigoureuse.&nbsp;<\/p>\n\n\n\n<p id=\"viewer-nxn4e3875\">Pour y parvenir, il est essentiel de d\u00e9finir des processus de signalement et de traitement des incidents de harc\u00e8lement ou de discrimination, accessibles et confidentiels.<\/p>\n\n\n\n<p id=\"viewer-mj2vw5393\">Il peut \u00eatre utile d\u2019\u00e9tablir une charte d\u2019inclusion qui pr\u00e9cise les engagements de l\u2019organisation en mati\u00e8re de diversit\u00e9, int\u00e9gr\u00e9e au r\u00e8glement int\u00e9rieur.<\/p>\n\n\n\n<p id=\"viewer-ffiiy6191\">Pour \u00e9valuer l\u2019efficacit\u00e9 de ces actions dans le temps, il est important de suivre l\u2019impact des mesures inclusives avec des indicateurs pr\u00e9cis, tels que la diversit\u00e9 au sein des \u00e9quipes, le nombre de signalements ou le niveau de satisfaction des collaborateur\u00b7trice\u00b7s.&nbsp;<\/p>\n\n\n\n<p id=\"viewer-3r9i950257\">Cela permet de s\u2019assurer que les efforts entrepris sont r\u00e9ellement b\u00e9n\u00e9fiques et d\u2019ajuster les actions si n\u00e9cessaire !<\/p>\n\n\n\n<h3 class=\"wp-block-heading\">3.Impliquer les collaborateur\u00b7trices dans la d\u00e9marche :<\/h3>\n\n\n\n<p id=\"viewer-ng2kn6436\">L\u2019une des plus grandes erreurs est de croire que l\u2019inclusion peut \u00eatre impos\u00e9e par des r\u00e8gles strictes et un cadre rigide. Si les d\u00e9cisions viennent uniquement d\u2019en haut, sans \u00eatre claires sur ce que l\u2019on peut ou ne peut pas faire, le sentiment d\u2019appartenance ne pourra pas se d\u00e9velopper.<\/p>\n\n\n\n<p id=\"viewer-5tqlj7087\">L&#8217;inclusion doit \u00eatre co-construite avec les \u00e9quipes ! Chacun\u00b7e doit pouvoir participer activement \u00e0 l\u2019\u00e9laboration des politiques inclusives pour qu\u2019elles soient adapt\u00e9es aux r\u00e9alit\u00e9s du terrain.<\/p>\n\n\n\n<p id=\"viewer-lzsi97170\">Pour cela, il est essentiel de r\u00e9aliser r\u00e9guli\u00e8rement des enqu\u00eates pour recueillir l\u2019avis des collaborateur\u00b7trice\u00b7s sur le climat de travail, leur sentiment d\u2019inclusion et leurs perceptions des efforts de l\u2019organisation.&nbsp;<\/p>\n\n\n\n<p id=\"viewer-rw0i87172\">Ces retours permettent d\u2019ajuster les actions et de s\u2019assurer que les initiatives mises en place r\u00e9pondent r\u00e9ellement aux besoins et aux attentes de toutes et tous. En impliquant activement les \u00e9quipes, l\u2019inclusion devient un projet commun, o\u00f9 chacun\u00b7e se sent acteur\u00b7trice du changement.<\/p>\n\n\n\n<p id=\"viewer-d9ds27174\">Parce qu\u2019au fond, l\u2019inclusion, ce n\u2019est pas juste sortir le kit de communication une fois par an. C\u2019est un engagement quotidien, une responsabilit\u00e9 partag\u00e9e. Alors, autant en faire un projet collectif, non ? <a target=\"_blank\" href=\"https:\/\/web.archive.org\/web\/20250617112722\/https:\/\/www.wearehally.fr\/%C3%A9quipe\" rel=\"noreferrer noopener\"><u>Collaborons sur vos objectifs d&#8217;inclusion !<\/u><\/a><\/p>\n","protected":false},"excerpt":{"rendered":"<p>Croire que le management inclusif n&#8217;est qu&#8217;un simple concept \u00e0 la mode emp\u00eache de saisir son r\u00f4le essentiel face aux d\u00e9fis d\u2019aujourd\u2019hui.&nbsp; Dans un contexte o\u00f9 les entreprises sont de plus en plus scrut\u00e9es pour leur impact social, il ne suffit pas de mettre en place des politiques de diversit\u00e9 : il s\u2019agit de cr\u00e9er&#8230;<\/p>\n","protected":false},"author":1,"featured_media":0,"comment_status":"closed","ping_status":"closed","sticky":false,"template":"","format":"standard","meta":{"_kad_post_transparent":"","_kad_post_title":"","_kad_post_layout":"","_kad_post_sidebar_id":"","_kad_post_content_style":"","_kad_post_vertical_padding":"","_kad_post_feature":"","_kad_post_feature_position":"","_kad_post_header":false,"_kad_post_footer":false,"_kad_post_classname":"","footnotes":""},"categories":[5],"tags":[],"class_list":["post-112","post","type-post","status-publish","format-standard","hentry","category-analyses"],"_links":{"self":[{"href":"https:\/\/blog.wearehally.fr\/index.php\/wp-json\/wp\/v2\/posts\/112","targetHints":{"allow":["GET"]}}],"collection":[{"href":"https:\/\/blog.wearehally.fr\/index.php\/wp-json\/wp\/v2\/posts"}],"about":[{"href":"https:\/\/blog.wearehally.fr\/index.php\/wp-json\/wp\/v2\/types\/post"}],"author":[{"embeddable":true,"href":"https:\/\/blog.wearehally.fr\/index.php\/wp-json\/wp\/v2\/users\/1"}],"replies":[{"embeddable":true,"href":"https:\/\/blog.wearehally.fr\/index.php\/wp-json\/wp\/v2\/comments?post=112"}],"version-history":[{"count":1,"href":"https:\/\/blog.wearehally.fr\/index.php\/wp-json\/wp\/v2\/posts\/112\/revisions"}],"predecessor-version":[{"id":119,"href":"https:\/\/blog.wearehally.fr\/index.php\/wp-json\/wp\/v2\/posts\/112\/revisions\/119"}],"wp:attachment":[{"href":"https:\/\/blog.wearehally.fr\/index.php\/wp-json\/wp\/v2\/media?parent=112"}],"wp:term":[{"taxonomy":"category","embeddable":true,"href":"https:\/\/blog.wearehally.fr\/index.php\/wp-json\/wp\/v2\/categories?post=112"},{"taxonomy":"post_tag","embeddable":true,"href":"https:\/\/blog.wearehally.fr\/index.php\/wp-json\/wp\/v2\/tags?post=112"}],"curies":[{"name":"wp","href":"https:\/\/api.w.org\/{rel}","templated":true}]}}